{"id":2863,"date":"2022-12-09T08:39:24","date_gmt":"2022-12-09T08:39:24","guid":{"rendered":"https:\/\/themedicinejournal.com\/?p=2863"},"modified":"2022-12-20T12:27:05","modified_gmt":"2022-12-20T12:27:05","slug":"proflexen-opinie","status":"publish","type":"post","link":"https:\/\/themedicinejournal.com\/pl\/proflexen-opinie\/","title":{"rendered":"Proflexen &#8211; suplement diety na b\u00f3l staw\u00f3w. Opinie, cena, sk\u0142ad"},"content":{"rendered":"\n<p class=\"wp-block-paragraph\">Nie da si\u0119 ukry\u0107, \u017ce b\u00f3l staw\u00f3w potrafi skutecznie utrudni\u0107 nam funkcjonowanie, a tak\u017ce mo\u017ce by\u0107 on objawem wielu chor\u00f3b jak np. reumatoidalne zapalenie staw\u00f3w. Najcz\u0119\u015bciej jednak dolegliwo\u015bci b\u00f3lowe pojawiaj\u0105 si\u0119 w wyniku naturalnego procesu starzenia si\u0119 organizmu lub zbyt intensywnej aktywno\u015bci fizycznej. Je\u015bli jednak zale\u017cy nam na tym, by zadba\u0107 o dobr\u0105 kondycj\u0119 staw\u00f3w i uzupe\u0142ni\u0107 ubytki kolagenu, w\u00f3wczas suplement diety Proflexen zosta\u0142 stworzony z my\u015bl\u0105 o nas. Co warto wi\u0119c o nim wiedzie\u0107?<\/p>\n\n\n\n<h2 class=\"wp-block-heading\">Tabletki na stawy Proflexen &#8211; czym s\u0105 i jak dzia\u0142aj\u0105?<\/h2>\n\n\n\n<p class=\"wp-block-paragraph\">Proflexen to suplement diety na stawy, kt\u00f3ry ma poprawi\u0107 zdrowie staw\u00f3w oraz ich og\u00f3ln\u0105 kondycj\u0119. Preparat ten wyr\u00f3\u017cnia si\u0119 niezwykle ciekawym sk\u0142adem, gdy\u017c tworzy go a\u017c 13 aktywnych sk\u0142adnik\u00f3w, kt\u00f3re maj\u0105 chroni\u0107 stawy i wspiera\u0107 ich prawid\u0142owe funkcjonowanie. Dzia\u0142anie suplementu Proflexen opiera si\u0119 g\u0142\u00f3wnie na redukcji stan\u00f3w zapalnych, a tak\u017ce niwelowaniu uczucia sztywno\u015bci staw\u00f3w. Niemniej jednak preparat ten nasila tak\u017ce syntez\u0119 kolagenu, kt\u00f3ry jest niezb\u0119dny do poprawnego funkcjonowania chrz\u0105stek stawowych. <\/p>\n\n\n\n<figure class=\"wp-block-image size-full\"><img loading=\"lazy\" decoding=\"async\" width=\"1024\" height=\"683\" src=\"https:\/\/themedicinejournal.com\/wp-content\/uploads\/2022\/12\/proflexen-ceny.jpg\" alt=\"\" class=\"wp-image-2876\" srcset=\"https:\/\/themedicinejournal.com\/wp-content\/uploads\/2022\/12\/proflexen-ceny.jpg 1024w, https:\/\/themedicinejournal.com\/wp-content\/uploads\/2022\/12\/proflexen-ceny-300x200.jpg 300w, https:\/\/themedicinejournal.com\/wp-content\/uploads\/2022\/12\/proflexen-ceny-768x512.jpg 768w\" sizes=\"auto, (max-width: 1024px) 100vw, 1024px\" \/><\/figure>\n\n\n\n<p class=\"has-text-align-center has-vivid-red-background-color has-background wp-block-paragraph\"><a href=\"https:\/\/themedicinejournal.com\/pl\/p\/proflexen\/\" data-eafl-id=\"2887\" class=\"eafl-link eafl-link-text eafl-link-cloaked\" target=\"_blank\" rel=\"nofollow\">Kup w najni\u017cszej cenie &#8211; sprawd\u017a<\/a><\/p>\n\n\n\n<p class=\"wp-block-paragraph\">Proflexen wykazuje r\u00f3wnie\u017c dzia\u0142anie przeciwzapalne, wi\u0119c pozwala na cofni\u0119cie zmian, kt\u00f3re pojawi\u0142y si\u0119 np. w wyniku choroby zwyrodnieniowej staw\u00f3w. Suplement ten jest zalecany osobom w ka\u017cdym wieku, a w szczeg\u00f3lno\u015bci sportowcom, osobom prowadz\u0105cym siedz\u0105cy tryb \u017cycia i seniorom. Proflexen wspiera funkcjonowanie staw\u00f3w i ich ruchomo\u015b\u0107.<\/p>\n\n\n\n<h2 class=\"wp-block-heading\">Sk\u0142ad Proflexenu &#8211; jakie substancje znajdziemt w tabletkach Proflexen?<\/h2>\n\n\n\n<p class=\"wp-block-paragraph\">Suplement diety Proflexen jest preparatem, kt\u00f3ry wp\u0142ywa na popraw\u0119 og\u00f3lnego zdrowia staw\u00f3w kolanowych i nie tylko. Okazuje si\u0119, \u017ce tabletki Proflexen zawieraj\u0105 jedynie naturalne i starannie wyselekcjonowanie sk\u0142adniki. Co za tym idzie, preparat &#8211; bez wzgl\u0119du na wiek &#8211; jest bezpieczny w stosowaniu. Do sk\u0142adnik\u00f3w Proflexen nale\u017c\u0105:<\/p>\n\n\n\n<ul class=\"wp-block-list\">\n<li>Kolagen typu II &#8211; nie da si\u0119 ukry\u0107, \u017ce kolagen typu II jest jednym z najwa\u017cniejszych sk\u0142adnik\u00f3w mazi stawowej. Z wiekiem jego produkcja w organizmie si\u0119 obni\u017ca, co jest g\u0142\u00f3wn\u0105 przyczyn\u0105 pogorszenia si\u0119 zdrowia staw\u00f3w. Kolagen zawarty w Proflexen ma poprawia\u0107 elastyczno\u015b\u0107 staw\u00f3w i zapobiega\u0107 degradacji chrz\u0105stki stawowej.<\/li>\n\n\n\n<li>Glukozamina &#8211; to r\u00f3wnie\u017c substancja naturalna, kt\u00f3ra ma wspiera\u0107 syntez\u0119 kolagenu. Co ciekawe, glukozamina stosowana jest w przypadku reumatoidalnego zapalenia staw\u00f3w, gdy\u017c jest ona w stanie skutecznie zmniejszy\u0107 dolegliwo\u015bci b\u00f3lowe.<\/li>\n\n\n\n<li>Chondroityna &#8211; nasila ona produkcj\u0119 kolagenu. Co wi\u0119cej siarczan chondroityny cofa proces degradacji chrz\u0105stek stawowych i \u015bwietnie sprawdza si\u0119 w leczeniu choroby zwyrodnieniowej staw\u00f3w.<\/li>\n\n\n\n<li>MSM &#8211; jest to siarka organiczna, kt\u00f3ra \u0142agodzi dolegliwo\u015bci b\u00f3lowe staw\u00f3w.<\/li>\n\n\n\n<li>Papaina &#8211; przyczynia si\u0119 do utrzymania odpowiedniej pracy staw\u00f3w. Dodatkowo jest to silny przeciwutleniacz, kt\u00f3ry chroni stawy przed stresem oksydacyjnym.<\/li>\n\n\n\n<li>Bromelaina &#8211; bromelaina pozyskiwana jest z \u0142odyg ananasa. Ma ona w\u0142a\u015bciwo\u015bci przeciwb\u00f3lowe i przyczynia si\u0119 do ochrony staw\u00f3w.<\/li>\n\n\n\n<li>Ekstrakt z \u017cywicy kadzid\u0142owca indyjskiego- kadzid\u0142owiec indyjski stosowany jest w leczeniu choroby zwyrodnieniowej staw\u00f3w. \u0141agodzi on b\u00f3l i wspomaga elastyczno\u015b\u0107.<\/li>\n\n\n\n<li>Ekstrakt z k\u0142\u0105cza imbiru lekarskiego &#8211; imbir lekarski wykazuje dzia\u0142anie przeciwb\u00f3lowe i przeciwzapalne. Wspiera on ruchliwo\u015b\u0107 staw\u00f3w.<\/li>\n<\/ul>\n\n\n\n<p class=\"wp-block-paragraph\">Suplement diety Proflexen zawiera w swoim sk\u0142adzie tak\u017ce witamin\u0119 C i szereg minera\u0142\u00f3w, kt\u00f3re s\u0105 gwarancj\u0105 zdrowych staw\u00f3w.<\/p>\n\n\n\n<h2 class=\"wp-block-heading\">Jak stosowa\u0107 Proflexen?<\/h2>\n\n\n\n<p class=\"wp-block-paragraph\">Proflexen jest preparatem na stawy w tabletkach, wi\u0119c jego dawkowanie nie powinno by\u0107 dla nas wiekszym problemem. By dba\u0107 o stawy &#8211; zgodnie z zaleceniami producenta &#8211; wystarcz\u0105 ju\u017c dwie kapsu\u0142ki Proflexen dziennie. Opatentowany sk\u0142ad tabletek dostarczy do staw\u00f3w wszystkiego, co jest im niezb\u0119dne do prawid\u0142owego funkcjonowania. Stosowanie suplement\u00f3w diety zawieraj\u0105cych naturalny sk\u0142ad jak Proflexen jest ca\u0142kowicie bezpieczne.<\/p>\n\n\n\n<h2 class=\"wp-block-heading\">Czy Proflexen oka\u017ce si\u0119 skuteczny? &#8211; efekty kuracji<\/h2>\n\n\n\n<p class=\"wp-block-paragraph\">Suplement diety na stawy Proflexen przynosi spektakularne efekty w do\u015b\u0107 kr\u00f3tkim czasie. Przede wszystkim mo\u017cemy spodziewa\u0107 si\u0119 znacznej poprawy ruchomo\u015bci staw\u00f3w, a dodatkowo zminimalizowania dolegliwo\u015bci b\u00f3lowych. Proflexen wspiera prawid\u0142owe funkcjonowanie staw\u00f3w, a sam sk\u0142ad Proflexen jest ca\u0142kowicie bezpieczny. Ekstrakty i wyci\u0105gi ro\u015blinne, a tak\u017ce kolagen typu II przyczyniaj\u0105 si\u0119 odbudowy struktury chrz\u0105stki stawowej, a witamina C neutralizuje stany zapalne. Tak opracowana formu\u0142a pozwoli nam zachowa\u0107 zdrowe stawy na znacznie d\u0142u\u017cej!<\/p>\n\n\n\n<h2 class=\"wp-block-heading\">Suplement Proflexen na stawy &#8211; dlaczego warto go wybra\u0107?<\/h2>\n\n\n\n<p class=\"wp-block-paragraph\">Je\u015bli b\u00f3l staw\u00f3w i stany zapalne nie daj\u0105 nam o sobie zapomnie\u0107, w\u00f3wczas Proflexen b\u0119dzie dla nas idealnym rozwi\u0105zaniem. Jego sk\u0142ad oparty na ekstraktach ro\u015blinnych, kolagenie typu II, witaminie C i glukozaminie sprawia, \u017ce ju\u017c jedna kapsu\u0142ka wprowadzi w naszym \u017cyciu wyra\u017ane zmiany. Suplement ten wspiera prawid\u0142owe funkcjonowanie staw\u00f3w i \u0142agodzi b\u00f3l oraz sztywnienie. Co wi\u0119cej, cofa on r\u00f3wnie\u017c zmiany, kt\u00f3re mog\u0142y pojawi\u0107 si\u0119 w obr\u0119bie tkanki chrz\u0119stnej. Je\u015bli wi\u0119c prowadzimy siedz\u0105cy tryb \u017cycia lub mocno obci\u0105\u017camy stawy, to Proflexen pomo\u017ce nam o nie zadba\u0107.<\/p>\n\n\n\n<h2 class=\"wp-block-heading\">Proflexen &#8211; przeciwwskazania i skutki uboczne<\/h2>\n\n\n\n<p class=\"wp-block-paragraph\">Proflexen z cynkiem pomaga utrzyma\u0107 zdrowe i elastyczne stawy. Suplement ten oparty jest na naturalnych sk\u0142adnikach, kt\u00f3re maj\u0105 poprawi\u0107 ruchomo\u015b\u0107 staw\u00f3w. Proflexen jest produktem, kt\u00f3rego przyjmowanie nie wi\u0105\u017ce si\u0119 z ryzykiem wyst\u0105pienia efekt\u00f3w ubocznych. To jak dzia\u0142a Proflexen by\u0142o wielokrotnie przetestowane i potwierdzone w toku bada\u0144 klinicznych.<\/p>\n\n\n\n<h2 class=\"wp-block-heading\">Proflexen \u2013 opinie o tabletkach<\/h2>\n\n\n\n<p class=\"wp-block-paragraph\">B\u00f3l staw\u00f3w jest powszechn\u0105 dolegliwo\u015bci\u0105, jednak suplement Proflexen pomaga o niej skutecznie zapomnie\u0107. Suplement diety rzeczywi\u015bcie wspiera zdrowe stawy, a najlepszym dowodem s\u0105 pozytywne opinie zamieszczone w sieci.<\/p>\n\n\n\n<p class=\"wp-block-paragraph\">&#8222;Od dawna szuka\u0142am preparatu, kt\u00f3ry zmniejszy dolegliwo\u015bci b\u00f3lowe i sprawdzi si\u0119 w przypadku reumatoidalnego zapalenia staw\u00f3w. Zdecydowa\u0142am si\u0119 wi\u0119c kupi\u0107 Proflexen i nie \u017ca\u0142uj\u0119! Na nowo czerpi\u0119 przyjemno\u015b\u0107 z codziennych spacer\u00f3w&#8221; &#8211; Katarzyna<\/p>\n\n\n\n<p class=\"wp-block-paragraph\">&#8222;Chcia\u0142em poprawi\u0107 kondycj\u0119 staw\u00f3w, z uwagi na to, \u017ce prowadz\u0119 do\u015b\u0107 siedz\u0105cy tryb \u017cycia. Zacz\u0119\u0142y mi wi\u0119c dokucza b\u00f3le w obr\u0119bie staw\u00f3w jednak preparat Proflexen pom\u00f3g\u0142 mi o nich skutecznie zapomnie\u0107&#8221; &#8211; Robert<\/p>\n\n\n\n<h2 class=\"wp-block-heading\">Gdzie kupi\u0107 Proflexen i ile on kosztuje?<\/h2>\n\n\n\n<figure class=\"wp-block-image size-full\"><img loading=\"lazy\" decoding=\"async\" width=\"1024\" height=\"683\" src=\"https:\/\/themedicinejournal.com\/wp-content\/uploads\/2022\/12\/proflexen-ceny.jpg\" alt=\"\" class=\"wp-image-2876\" srcset=\"https:\/\/themedicinejournal.com\/wp-content\/uploads\/2022\/12\/proflexen-ceny.jpg 1024w, https:\/\/themedicinejournal.com\/wp-content\/uploads\/2022\/12\/proflexen-ceny-300x200.jpg 300w, https:\/\/themedicinejournal.com\/wp-content\/uploads\/2022\/12\/proflexen-ceny-768x512.jpg 768w\" sizes=\"auto, (max-width: 1024px) 100vw, 1024px\" \/><\/figure>\n\n\n\n<p class=\"has-text-align-center has-vivid-red-background-color has-background wp-block-paragraph\"><a href=\"https:\/\/themedicinejournal.com\/pl\/p\/proflexen\/\" data-eafl-id=\"2887\" class=\"eafl-link eafl-link-text eafl-link-cloaked\" target=\"_blank\" rel=\"nofollow\">Kup w najni\u017cszej cenie &#8211; sprawd\u017a<\/a><\/p>\n\n\n\n<p class=\"wp-block-paragraph\">Proflexen znajdziemy jedynie w drodze sprzeda\u017cy internetowej. Zam\u00f3wienie mo\u017cemy z\u0142o\u017cy\u0107 na oficjalnej stronie producenta. Proflexen poprawia ruchomo\u015b\u0107 staw\u00f3w i pomaga utrzyma\u0107 je w \u015bwietnej kondycji. Jednak ile kosztuje Proflexen? Ot\u00f3\u017c za jedno opakowanie suplementu diety zap\u0142acimy 169 z\u0142otych.<\/p>\n","protected":false},"excerpt":{"rendered":"<p>Nie da si\u0119 ukry\u0107, \u017ce b\u00f3l staw\u00f3w potrafi skutecznie utrudni\u0107 nam funkcjonowanie, a tak\u017ce mo\u017ce by\u0107 on objawem wielu chor\u00f3b jak np. reumatoidalne zapalenie staw\u00f3w. Najcz\u0119\u015bciej jednak dolegliwo\u015bci b\u00f3lowe pojawiaj\u0105 si\u0119 w wyniku naturalnego procesu &hellip; <\/p>\n","protected":false},"author":1,"featured_media":2865,"comment_status":"open","ping_status":"open","sticky":false,"template":"","format":"standard","meta":{"footnotes":""},"categories":[13],"tags":[],"class_list":["post-2863","post","type-post","status-publish","format-standard","has-post-thumbnail","hentry","category-zdrowie"],"yoast_head":"<!-- This site is optimized with the Yoast SEO plugin v17.3 - https:\/\/yoast.com\/wordpress\/plugins\/seo\/ -->\n<title>Proflexen - suplement diety na b\u00f3l staw\u00f3w. Opinie, cena, sk\u0142ad<\/title>\n<meta name=\"description\" content=\"Nie da si\u0119 ukry\u0107, \u017ce b\u00f3l staw\u00f3w potrafi skutecznie utrudni\u0107 nam funkcjonowanie, a tak\u017ce mo\u017ce by\u0107 on objawem wielu chor\u00f3b jak np. reumatoidalne zapalenie\" \/>\n<meta name=\"robots\" content=\"index, follow, max-snippet:-1, max-image-preview:large, max-video-preview:-1\" \/>\n<link rel=\"canonical\" href=\"https:\/\/themedicinejournal.com\/pl\/proflexen-opinie\/\" \/>\n<meta property=\"og:locale\" content=\"pl_PL\" \/>\n<meta property=\"og:type\" content=\"article\" \/>\n<meta property=\"og:title\" content=\"Proflexen - suplement diety na b\u00f3l staw\u00f3w. Opinie, cena, sk\u0142ad\" \/>\n<meta property=\"og:description\" content=\"Nie da si\u0119 ukry\u0107, \u017ce b\u00f3l staw\u00f3w potrafi skutecznie utrudni\u0107 nam funkcjonowanie, a tak\u017ce mo\u017ce by\u0107 on objawem wielu chor\u00f3b jak np. reumatoidalne zapalenie\" \/>\n<meta property=\"og:url\" content=\"https:\/\/themedicinejournal.com\/pl\/proflexen-opinie\/\" \/>\n<meta property=\"article:published_time\" content=\"2022-12-09T08:39:24+00:00\" \/>\n<meta property=\"article:modified_time\" content=\"2022-12-20T12:27:05+00:00\" \/>\n<meta property=\"og:image\" content=\"https:\/\/themedicinejournal.com\/wp-content\/uploads\/2022\/12\/proflexen-opinie-efekty.jpg\" \/>\n\t<meta property=\"og:image:width\" content=\"720\" \/>\n\t<meta property=\"og:image:height\" content=\"960\" \/>\n<meta name=\"twitter:card\" content=\"summary_large_image\" \/>\n<meta name=\"twitter:label1\" content=\"Napisane przez\" \/>\n\t<meta name=\"twitter:data1\" content=\"The Medicine Journal\" \/>\n\t<meta name=\"twitter:label2\" content=\"Szacowany czas czytania\" \/>\n\t<meta name=\"twitter:data2\" content=\"5 minut\" \/>\n<script type=\"application\/ld+json\" class=\"yoast-schema-graph\">{\"@context\":\"https:\/\/schema.org\",\"@graph\":[{\"@type\":\"WebSite\",\"@id\":\"https:\/\/themedicinejournal.com\/#website\",\"url\":\"https:\/\/themedicinejournal.com\/\",\"name\":\"\",\"description\":\"\",\"potentialAction\":[{\"@type\":\"SearchAction\",\"target\":{\"@type\":\"EntryPoint\",\"urlTemplate\":\"https:\/\/themedicinejournal.com\/?s={search_term_string}\"},\"query-input\":\"required name=search_term_string\"}],\"inLanguage\":\"pl-PL\"},{\"@type\":\"ImageObject\",\"@id\":\"https:\/\/themedicinejournal.com\/pl\/proflexen-opinie\/#primaryimage\",\"inLanguage\":\"pl-PL\",\"url\":\"https:\/\/themedicinejournal.com\/wp-content\/uploads\/2022\/12\/proflexen-opinie-efekty.jpg\",\"contentUrl\":\"https:\/\/themedicinejournal.com\/wp-content\/uploads\/2022\/12\/proflexen-opinie-efekty.jpg\",\"width\":720,\"height\":960,\"caption\":\"proflexen opinie\"},{\"@type\":\"WebPage\",\"@id\":\"https:\/\/themedicinejournal.com\/pl\/proflexen-opinie\/#webpage\",\"url\":\"https:\/\/themedicinejournal.com\/pl\/proflexen-opinie\/\",\"name\":\"Proflexen - suplement diety na b\\u00f3l staw\\u00f3w. Opinie, cena, sk\\u0142ad\",\"isPartOf\":{\"@id\":\"https:\/\/themedicinejournal.com\/#website\"},\"primaryImageOfPage\":{\"@id\":\"https:\/\/themedicinejournal.com\/pl\/proflexen-opinie\/#primaryimage\"},\"datePublished\":\"2022-12-09T08:39:24+00:00\",\"dateModified\":\"2022-12-20T12:27:05+00:00\",\"author\":{\"@id\":\"https:\/\/themedicinejournal.com\/#\/schema\/person\/b2581758408dec73d528c9d3b1c5666f\"},\"description\":\"Nie da si\\u0119 ukry\\u0107, \\u017ce b\\u00f3l staw\\u00f3w potrafi skutecznie utrudni\\u0107 nam funkcjonowanie, a tak\\u017ce mo\\u017ce by\\u0107 on objawem wielu chor\\u00f3b jak np. reumatoidalne zapalenie\",\"breadcrumb\":{\"@id\":\"https:\/\/themedicinejournal.com\/pl\/proflexen-opinie\/#breadcrumb\"},\"inLanguage\":\"pl-PL\",\"potentialAction\":[{\"@type\":\"ReadAction\",\"target\":[\"https:\/\/themedicinejournal.com\/pl\/proflexen-opinie\/\"]}]},{\"@type\":\"BreadcrumbList\",\"@id\":\"https:\/\/themedicinejournal.com\/pl\/proflexen-opinie\/#breadcrumb\",\"itemListElement\":[{\"@type\":\"ListItem\",\"position\":1,\"name\":\"Home\",\"item\":\"https:\/\/themedicinejournal.com\/\"},{\"@type\":\"ListItem\",\"position\":2,\"name\":\"Proflexen &#8211; suplement diety na b\\u00f3l staw\\u00f3w. Opinie, cena, sk\\u0142ad\"}]},{\"@type\":\"Person\",\"@id\":\"https:\/\/themedicinejournal.com\/#\/schema\/person\/b2581758408dec73d528c9d3b1c5666f\",\"name\":\"The Medicine Journal\",\"image\":{\"@type\":\"ImageObject\",\"@id\":\"https:\/\/themedicinejournal.com\/#personlogo\",\"inLanguage\":\"pl-PL\",\"url\":\"https:\/\/secure.gravatar.com\/avatar\/ebcf5c87197c8f5ecc604f316518a5072aa813c671ed90788b50cc62c30c2328?s=96&d=mm&r=g\",\"contentUrl\":\"https:\/\/secure.gravatar.com\/avatar\/ebcf5c87197c8f5ecc604f316518a5072aa813c671ed90788b50cc62c30c2328?s=96&d=mm&r=g\",\"caption\":\"The Medicine Journal\"},\"sameAs\":[\"https:\/\/themedicinejournal.com\"],\"url\":\"https:\/\/themedicinejournal.com\/pl\/author\/medicine\/\"}]}<\/script>\n<!-- \/ Yoast SEO plugin. -->","yoast_head_json":{"title":"Proflexen - suplement diety na b\u00f3l staw\u00f3w. Opinie, cena, sk\u0142ad","description":"Nie da si\u0119 ukry\u0107, \u017ce b\u00f3l staw\u00f3w potrafi skutecznie utrudni\u0107 nam funkcjonowanie, a tak\u017ce mo\u017ce by\u0107 on objawem wielu chor\u00f3b jak np. reumatoidalne zapalenie","robots":{"index":"index","follow":"follow","max-snippet":"max-snippet:-1","max-image-preview":"max-image-preview:large","max-video-preview":"max-video-preview:-1"},"canonical":"https:\/\/themedicinejournal.com\/pl\/proflexen-opinie\/","og_locale":"pl_PL","og_type":"article","og_title":"Proflexen - suplement diety na b\u00f3l staw\u00f3w. Opinie, cena, sk\u0142ad","og_description":"Nie da si\u0119 ukry\u0107, \u017ce b\u00f3l staw\u00f3w potrafi skutecznie utrudni\u0107 nam funkcjonowanie, a tak\u017ce mo\u017ce by\u0107 on objawem wielu chor\u00f3b jak np. reumatoidalne zapalenie","og_url":"https:\/\/themedicinejournal.com\/pl\/proflexen-opinie\/","article_published_time":"2022-12-09T08:39:24+00:00","article_modified_time":"2022-12-20T12:27:05+00:00","og_image":[{"width":720,"height":960,"url":"https:\/\/themedicinejournal.com\/wp-content\/uploads\/2022\/12\/proflexen-opinie-efekty.jpg","type":"image\/jpeg"}],"twitter_card":"summary_large_image","twitter_misc":{"Napisane przez":"The Medicine Journal","Szacowany czas czytania":"5 minut"},"schema":{"@context":"https:\/\/schema.org","@graph":[{"@type":"WebSite","@id":"https:\/\/themedicinejournal.com\/#website","url":"https:\/\/themedicinejournal.com\/","name":"","description":"","potentialAction":[{"@type":"SearchAction","target":{"@type":"EntryPoint","urlTemplate":"https:\/\/themedicinejournal.com\/?s={search_term_string}"},"query-input":"required name=search_term_string"}],"inLanguage":"pl-PL"},{"@type":"ImageObject","@id":"https:\/\/themedicinejournal.com\/pl\/proflexen-opinie\/#primaryimage","inLanguage":"pl-PL","url":"https:\/\/themedicinejournal.com\/wp-content\/uploads\/2022\/12\/proflexen-opinie-efekty.jpg","contentUrl":"https:\/\/themedicinejournal.com\/wp-content\/uploads\/2022\/12\/proflexen-opinie-efekty.jpg","width":720,"height":960,"caption":"proflexen opinie"},{"@type":"WebPage","@id":"https:\/\/themedicinejournal.com\/pl\/proflexen-opinie\/#webpage","url":"https:\/\/themedicinejournal.com\/pl\/proflexen-opinie\/","name":"Proflexen - suplement diety na b\u00f3l staw\u00f3w. Opinie, cena, sk\u0142ad","isPartOf":{"@id":"https:\/\/themedicinejournal.com\/#website"},"primaryImageOfPage":{"@id":"https:\/\/themedicinejournal.com\/pl\/proflexen-opinie\/#primaryimage"},"datePublished":"2022-12-09T08:39:24+00:00","dateModified":"2022-12-20T12:27:05+00:00","author":{"@id":"https:\/\/themedicinejournal.com\/#\/schema\/person\/b2581758408dec73d528c9d3b1c5666f"},"description":"Nie da si\u0119 ukry\u0107, \u017ce b\u00f3l staw\u00f3w potrafi skutecznie utrudni\u0107 nam funkcjonowanie, a tak\u017ce mo\u017ce by\u0107 on objawem wielu chor\u00f3b jak np. reumatoidalne zapalenie","breadcrumb":{"@id":"https:\/\/themedicinejournal.com\/pl\/proflexen-opinie\/#breadcrumb"},"inLanguage":"pl-PL","potentialAction":[{"@type":"ReadAction","target":["https:\/\/themedicinejournal.com\/pl\/proflexen-opinie\/"]}]},{"@type":"BreadcrumbList","@id":"https:\/\/themedicinejournal.com\/pl\/proflexen-opinie\/#breadcrumb","itemListElement":[{"@type":"ListItem","position":1,"name":"Home","item":"https:\/\/themedicinejournal.com\/"},{"@type":"ListItem","position":2,"name":"Proflexen &#8211; suplement diety na b\u00f3l staw\u00f3w. Opinie, cena, sk\u0142ad"}]},{"@type":"Person","@id":"https:\/\/themedicinejournal.com\/#\/schema\/person\/b2581758408dec73d528c9d3b1c5666f","name":"The Medicine Journal","image":{"@type":"ImageObject","@id":"https:\/\/themedicinejournal.com\/#personlogo","inLanguage":"pl-PL","url":"https:\/\/secure.gravatar.com\/avatar\/ebcf5c87197c8f5ecc604f316518a5072aa813c671ed90788b50cc62c30c2328?s=96&d=mm&r=g","contentUrl":"https:\/\/secure.gravatar.com\/avatar\/ebcf5c87197c8f5ecc604f316518a5072aa813c671ed90788b50cc62c30c2328?s=96&d=mm&r=g","caption":"The Medicine Journal"},"sameAs":["https:\/\/themedicinejournal.com"],"url":"https:\/\/themedicinejournal.com\/pl\/author\/medicine\/"}]}},"_links":{"self":[{"href":"https:\/\/themedicinejournal.com\/pl\/wp-json\/wp\/v2\/posts\/2863","targetHints":{"allow":["GET"]}}],"collection":[{"href":"https:\/\/themedicinejournal.com\/pl\/wp-json\/wp\/v2\/posts"}],"about":[{"href":"https:\/\/themedicinejournal.com\/pl\/wp-json\/wp\/v2\/types\/post"}],"author":[{"embeddable":true,"href":"https:\/\/themedicinejournal.com\/pl\/wp-json\/wp\/v2\/users\/1"}],"replies":[{"embeddable":true,"href":"https:\/\/themedicinejournal.com\/pl\/wp-json\/wp\/v2\/comments?post=2863"}],"version-history":[{"count":2,"href":"https:\/\/themedicinejournal.com\/pl\/wp-json\/wp\/v2\/posts\/2863\/revisions"}],"predecessor-version":[{"id":2888,"href":"https:\/\/themedicinejournal.com\/pl\/wp-json\/wp\/v2\/posts\/2863\/revisions\/2888"}],"wp:featuredmedia":[{"embeddable":true,"href":"https:\/\/themedicinejournal.com\/pl\/wp-json\/wp\/v2\/media\/2865"}],"wp:attachment":[{"href":"https:\/\/themedicinejournal.com\/pl\/wp-json\/wp\/v2\/media?parent=2863"}],"wp:term":[{"taxonomy":"category","embeddable":true,"href":"https:\/\/themedicinejournal.com\/pl\/wp-json\/wp\/v2\/categories?post=2863"},{"taxonomy":"post_tag","embeddable":true,"href":"https:\/\/themedicinejournal.com\/pl\/wp-json\/wp\/v2\/tags?post=2863"}],"curies":[{"name":"wp","href":"https:\/\/api.w.org\/{rel}","templated":true}]}}